{"id":43425,"date":"2021-12-29T19:11:00","date_gmt":"2021-12-29T22:11:00","guid":{"rendered":"https:\/\/www.argensend.com\/?p=43425"},"modified":"2026-03-02T13:36:19","modified_gmt":"2026-03-02T16:36:19","slug":"calendario-argentina-2022","status":"publish","type":"post","link":"https:\/\/www.argensend.com\/en\/calendario-argentina-2022\/","title":{"rendered":"Calendario Oficial de d\u00edas Feriados y Festivos en Argentina 2022"},"content":{"rendered":"<p>A continuaci\u00f3n compartimos el Calendario de fechas patrias, d\u00edas no laborables, asuetos, y \u00a0feriados inamovibles de Argentina para poder organizar tu pedido y saber si dichas fechas afectan el despacho de tu compra debido que afectan tanto a proveedores y los servicios de recolecci\u00f3n de DHL, FedEx y UPS.<\/p>\n\n\n\n<div class=\"wp-block-image\"><figure class=\"aligncenter size-full\"><img decoding=\"async\" width=\"980\" height=\"280\" data-src=\"https:\/\/www.argensend.com\/wp-content\/uploads\/2022\/02\/calendario_argentina_argensend.jpg\" alt=\"\" class=\"wp-image-43438 lazyload\" data-srcset=\"https:\/\/www.argensend.com\/wp-content\/uploads\/2022\/02\/calendario_argentina_argensend.jpg 980w, https:\/\/www.argensend.com\/wp-content\/uploads\/2022\/02\/calendario_argentina_argensend-300x86.jpg 300w, https:\/\/www.argensend.com\/wp-content\/uploads\/2022\/02\/calendario_argentina_argensend-768x219.jpg 768w, https:\/\/www.argensend.com\/wp-content\/uploads\/2022\/02\/calendario_argentina_argensend-416x119.jpg 416w, https:\/\/www.argensend.com\/wp-content\/uploads\/2022\/02\/calendario_argentina_argensend-64x18.jpg 64w\" data-sizes=\"auto, (max-width: 980px) 100vw, 980px\" src=\"data:image\/svg+xml;base64,PHN2ZyB3aWR0aD0iMSIgaGVpZ2h0PSIxIiB4bWxucz0iaHR0cDovL3d3dy53My5vcmcvMjAwMC9zdmciPjwvc3ZnPg==\" style=\"--smush-placeholder-width: 980px; --smush-placeholder-aspect-ratio: 980\/280;\" \/><\/figure><\/div>\n\n\n\n<p class=\"has-text-align-center\"><a rel=\"noreferrer noopener\" href=\"https:\/\/www.argensend.com\/en\/catalogo\/\" target=\"_blank\">Arm\u00e1 tu pedido y compr\u00e1 con tiempo para evitar el retraso por feriados argentinos!<\/a><\/p>\n\n\n\n<p><strong>Calendarios de Feriados 2022 en Argentina<\/strong>*<\/p>\n\n\n\n<ul class=\"wp-block-list\"><li>1 de enero (inamovible): A\u00f1o Nuevo<\/li><li>28 de febrero (inamovible): Carnaval<\/li><li>1 de marzo (inamovible): Carnaval<\/li><li>24 de marzo: D\u00eda Nacional de la Memoria por la Verdad y la Justicia<\/li><li>2 de abril: D\u00eda del Veterano y de los Ca\u00eddos en la Guerra de Malvinas<\/li><li>14 de abril: Jueves Santo<\/li><li>15 de abril (inamovible): Viernes Santo<\/li><li>1 de mayo (inamovible): D\u00eda del Trabajador<\/li><li>18 de mayo: Censo Nacional 2020<\/li><li>25 de mayo: D\u00eda de la Revoluci\u00f3n de Mayo<\/li><li>17 de junio: D\u00eda del Paso a la Inmortalidad del General Don Mart\u00edn Miguel de G\u00fcemes<\/li><li>20 de junio: D\u00eda del Paso a la Inmortalidad del General Manuel Belgrano<\/li><li>9 de julio: D\u00eda de la Independencia<\/li><li>15 de agosto: Paso a la Inmortalidad del General Jos\u00e9 de San Mart\u00edn (se traslada del 17\/8)<\/li><li>26 y 27 de agosto: A\u00f1o Nuevo Jud\u00edo<\/li><li>5 de octubre: D\u00eda del Perd\u00f3n<\/li><li>7 de octubre: Feriado con fines tur\u00edsticos<\/li><li>10 de octubre: D\u00eda del Respeto a la Diversidad Cultural (se traslada del 12\/10)<\/li><li>20 de noviembre: D\u00eda de la Soberan\u00eda Nacional<\/li><li>21 de noviembre: Feriado con fines tur\u00edsticos<\/li><li>8 de diciembre: Inmaculada Concepci\u00f3n de Mar\u00eda<\/li><li>9 de diciembre: Feriado con fines tur\u00edsticos<\/li><li>25 de diciembre (inamovible): Navidad<\/li><\/ul>\n\n\n\n<p>Suma a tu calendario las alertas de feriados argentinos y promociones de ARGENSEND para programar tus compras:<br>Para Gmail\/Google Calendar desde\u00a0<strong><a rel=\"noreferrer noopener\" href=\"https:\/\/calendar.google.com\/calendar\/embed?src=argensend%40gmail.com&amp;ctz=America%2FArgentina%2FBuenos_Aires\" target=\"_blank\">ac\u00e1!<\/a><\/strong><br>Para otras aplicaciones de Calendarios desde\u00a0<strong><a rel=\"noreferrer noopener\" href=\"https:\/\/calendar.google.com\/calendar\/ical\/argensend%40gmail.com\/private-96fafddd240a0d266963b02834c3ca74\/basic.ics\" target=\"_blank\">ac\u00e1!<\/a><\/strong><\/p>\n\n\n\n<a href=\"https:\/\/calendar.google.com\/calendar\/embed?height=600&amp;wkst=1&amp;bgcolor=%23ffffff&amp;ctz=America%2FArgentina%2FBuenos_Aires&amp;src=YXJnZW5zZW5kQGdtYWlsLmNvbQ&amp;color=%230088a3\" class=\"wp-block-jetpack-google-calendar\">https:\/\/calendar.google.com\/calendar\/embed?height=600&amp;wkst=1&amp;bgcolor=%23ffffff&amp;ctz=America%2FArgentina%2FBuenos_Aires&amp;src=YXJnZW5zZW5kQGdtYWlsLmNvbQ&amp;color=%230088a3<\/a>\n\n\n\n<p class=\"has-text-align-right has-small-font-size\">*Fuente: Ministerio del Interior de la Rep\u00fablica Argentina, ver <a rel=\"noreferrer noopener\" href=\"https:\/\/www.argentina.gob.ar\/interior\/feriados-nacionales-2022\" target=\"_blank\">aqu\u00ed<\/a>.<\/p>","protected":false},"excerpt":{"rendered":"<p>Calendario oficial de fechas patrias, d\u00edas no laborables, asuetos, y \u00a0feriados inamovibles de Argentina y poder organizar tus compras!<\/p>","protected":false},"author":7,"featured_media":43438,"comment_status":"closed","ping_status":"closed","sticky":false,"template":"","format":"standard","meta":{"_acf_changed":false,"om_disable_all_campaigns":false,"_monsterinsights_skip_tracking":false,"_monsterinsights_sitenote_active":false,"_monsterinsights_sitenote_note":"","_monsterinsights_sitenote_category":0,"footnotes":""},"categories":[149],"tags":[7348,520,709,710],"class_list":["post-43425","post","type-post","status-publish","format-standard","has-post-thumbnail","hentry","category-noticias","tag-7348","tag-argentina","tag-calendario","tag-feriados"],"acf":[],"aioseo_notices":[],"_links":{"self":[{"href":"https:\/\/www.argensend.com\/en\/wp-json\/wp\/v2\/posts\/43425","targetHints":{"allow":["GET"]}}],"collection":[{"href":"https:\/\/www.argensend.com\/en\/wp-json\/wp\/v2\/posts"}],"about":[{"href":"https:\/\/www.argensend.com\/en\/wp-json\/wp\/v2\/types\/post"}],"author":[{"embeddable":true,"href":"https:\/\/www.argensend.com\/en\/wp-json\/wp\/v2\/users\/7"}],"replies":[{"embeddable":true,"href":"https:\/\/www.argensend.com\/en\/wp-json\/wp\/v2\/comments?post=43425"}],"version-history":[{"count":3,"href":"https:\/\/www.argensend.com\/en\/wp-json\/wp\/v2\/posts\/43425\/revisions"}],"predecessor-version":[{"id":43442,"href":"https:\/\/www.argensend.com\/en\/wp-json\/wp\/v2\/posts\/43425\/revisions\/43442"}],"wp:featuredmedia":[{"embeddable":true,"href":"https:\/\/www.argensend.com\/en\/wp-json\/wp\/v2\/media\/43438"}],"wp:attachment":[{"href":"https:\/\/www.argensend.com\/en\/wp-json\/wp\/v2\/media?parent=43425"}],"wp:term":[{"taxonomy":"category","embeddable":true,"href":"https:\/\/www.argensend.com\/en\/wp-json\/wp\/v2\/categories?post=43425"},{"taxonomy":"post_tag","embeddable":true,"href":"https:\/\/www.argensend.com\/en\/wp-json\/wp\/v2\/tags?post=43425"}],"curies":[{"name":"wp","href":"https:\/\/api.w.org\/{rel}","templated":true}]}}