{"id":51231,"date":"2022-07-05T07:02:00","date_gmt":"2022-07-05T10:02:00","guid":{"rendered":"https:\/\/www.argensend.com\/?p=51231"},"modified":"2026-03-02T13:36:19","modified_gmt":"2026-03-02T16:36:19","slug":"9-de-julio-celebremos-la-independencia-argentina","status":"publish","type":"post","link":"https:\/\/www.argensend.com\/en\/9-de-julio-celebremos-la-independencia-argentina\/","title":{"rendered":"9 de Julio, Celebremos la Independencia Argentina"},"content":{"rendered":"\n<blockquote class=\"wp-block-quote is-layout-flow wp-block-quote-is-layout-flow\"><p>Aniversario de un hecho hist\u00f3rico<\/p><\/blockquote>\n\n\n\n<h2 class=\"wp-block-heading\" id=\"title\">D\u00eda de la Independencia: \u00bfQu\u00e9 pas\u00f3 el 9 de julio de 1816 y por qu\u00e9 se festeja cada a\u00f1o?<\/h2>\n\n\n\n<p>Hace m\u00e1s de 200 a\u00f1os, en el Congreso de Tucum\u00e1n, se firmaba el Acta que declar\u00f3 Independientes a las Provincias Unidas del R\u00edo de la Plata de la Monarqu\u00eda espa\u00f1ola. Aqu\u00ed un repaso por los eventos hist\u00f3ricos m\u00e1s relevantes.<\/p>\n\n\n\n<p><\/p>\n\n\n<div class=\"wp-block-image\">\n<figure class=\"aligncenter size-large\"><img decoding=\"async\" width=\"1024\" height=\"505\" data-src=\"https:\/\/www.argensend.com\/wp-content\/uploads\/2022\/07\/escenas-del-congreso-de-tucuman___mV8tfJa18_1256x620__3-1024x505.jpg\" alt=\"\" class=\"wp-image-51285 lazyload\" data-srcset=\"https:\/\/www.argensend.com\/wp-content\/uploads\/2022\/07\/escenas-del-congreso-de-tucuman___mV8tfJa18_1256x620__3-1024x505.jpg 1024w, https:\/\/www.argensend.com\/wp-content\/uploads\/2022\/07\/escenas-del-congreso-de-tucuman___mV8tfJa18_1256x620__3-300x148.jpg 300w, https:\/\/www.argensend.com\/wp-content\/uploads\/2022\/07\/escenas-del-congreso-de-tucuman___mV8tfJa18_1256x620__3-768x379.jpg 768w, https:\/\/www.argensend.com\/wp-content\/uploads\/2022\/07\/escenas-del-congreso-de-tucuman___mV8tfJa18_1256x620__3-416x205.jpg 416w, https:\/\/www.argensend.com\/wp-content\/uploads\/2022\/07\/escenas-del-congreso-de-tucuman___mV8tfJa18_1256x620__3-64x32.jpg 64w, https:\/\/www.argensend.com\/wp-content\/uploads\/2022\/07\/escenas-del-congreso-de-tucuman___mV8tfJa18_1256x620__3.jpg 1256w\" data-sizes=\"auto, (max-width: 1024px) 100vw, 1024px\" src=\"data:image\/svg+xml;base64,PHN2ZyB3aWR0aD0iMSIgaGVpZ2h0PSIxIiB4bWxucz0iaHR0cDovL3d3dy53My5vcmcvMjAwMC9zdmciPjwvc3ZnPg==\" style=\"--smush-placeholder-width: 1024px; --smush-placeholder-aspect-ratio: 1024\/505;\" \/><figcaption>Escenas del Congreso de Tucum\u00e1n, el 9 de julio de 1816, d\u00eda en el que se firma la Declaraci\u00f3n de la Independencia de las Provincias Unidas del R\u00edo de la Plata.<\/figcaption><\/figure>\n<\/div>\n\n\n<p><strong>El&nbsp;9 de julio, se celebra un aniversario m\u00e1s del D\u00eda de la Independencia de Argentina<\/strong>, una de las fiestas patrias m\u00e1s importantes del pa\u00eds. En esta fecha, Recordamos lo sucedido<strong>&nbsp;<\/strong>ese d\u00eda de 1816, en la sesi\u00f3n del Congreso de Tucum\u00e1n,&nbsp;cuando las Provincias Unidas del R\u00edo de la Plata proclamaron&nbsp;su Independencia pol\u00edtica de la monarqu\u00eda espa\u00f1ola y renunciaron&nbsp;a cualquier otra dominaci\u00f3n extranjera.&nbsp;<\/p>\n\n\n\n<p>La movida independentista se fue desarrollando&nbsp;luego de&nbsp;<strong>mayo de 1810<\/strong>, momento en que&nbsp;comenzaron las discusiones sobre cu\u00e1ndo y c\u00f3mo se declarar\u00eda la Independencia.&nbsp;En aquellos a\u00f1os los miembros de la<strong>&nbsp;Junta Grande<\/strong>&nbsp;<strong>no lograron un acuerdo y la decisi\u00f3n se posterg\u00f3 hasta 1816.<\/strong><\/p>\n\n\n<div data-align-buttons=\"true\" data-block-name=\"woocommerce\/product-category\" data-categories=\"[77]\" data-columns=\"4\" data-content-visibility=\"{&quot;image&quot;:true,&quot;title&quot;:true,&quot;price&quot;:true,&quot;rating&quot;:false,&quot;button&quot;:true}\" data-orderby=\"popularity\" data-rows=\"1\" data-stock-status=\"[&quot;&quot;,&quot;instock&quot;,&quot;outofstock&quot;,&quot;onbackorder&quot;]\" class=\"wc-block-grid wp-block-product-category wp-block-woocommerce-product-category wc-block-product-category has-4-columns has-aligned-buttons\"><ul class=\"wc-block-grid__products\"><li class=\"wc-block-grid__product\">\n\t\t\t\t<a href=\"https:\/\/www.argensend.com\/en\/product\/cachafaz-alfajor-de-chocolate-negro-con-dulce-de-leche-2\/\" class=\"wc-block-grid__product-link\">\n\t\t\t\t\t\n\t\t\t\t\t<div class=\"wc-block-grid__product-image\"><img loading=\"lazy\" loading=\"lazy\" decoding=\"async\" width=\"300\" height=\"300\" src=\"https:\/\/www.argensend.com\/wp-content\/uploads\/xstore\/xstore-placeholder-10x10.png\" class=\"attachment-woocommerce_thumbnail size-woocommerce_thumbnail lazyload lazyload-simple et-lazyload-fadeIn\" alt=\"Cachafaz - Alfajor de Chocolate Negro con Dulce de Leche\" sizes=\"auto, (max-width: 300px) 100vw, 300px\" data-src=\"https:\/\/www.argensend.com\/wp-content\/uploads\/2024\/03\/Havanna-MDQ-1-6-12-4-300x300.png\" data-srcset=\"https:\/\/www.argensend.com\/wp-content\/uploads\/2024\/03\/Havanna-MDQ-1-6-12-4-300x300.png 300w, https:\/\/www.argensend.com\/wp-content\/uploads\/2024\/03\/Havanna-MDQ-1-6-12-4-150x150.png 150w, https:\/\/www.argensend.com\/wp-content\/uploads\/2024\/03\/Havanna-MDQ-1-6-12-4-12x12.png 12w, https:\/\/www.argensend.com\/wp-content\/uploads\/2024\/03\/Havanna-MDQ-1-6-12-4-100x100.png 100w, https:\/\/www.argensend.com\/wp-content\/uploads\/2024\/03\/Havanna-MDQ-1-6-12-4-10x10.png 10w, https:\/\/www.argensend.com\/wp-content\/uploads\/2024\/03\/Havanna-MDQ-1-6-12-4.png 600w\" \/><\/div>\n\t\t\t\t\t<div class=\"wc-block-grid__product-title\">Cachafaz &#8211; Alfajor de Chocolate Negro con Dulce de Leche<\/div>\n\t\t\t\t<\/a>\n\t\t\t\t<div class=\"wc-block-grid__product-price price\"><span class=\"woocs_price_code\" data-product-id=\"10320\"><span class=\"woocommerce-Price-amount amount\" aria-hidden=\"true\"><span class=\"woocommerce-Price-currencySymbol\">&#036;<\/span>5.99<\/span> <span aria-hidden=\"true\">&ndash;<\/span> <span class=\"woocommerce-Price-amount amount\" aria-hidden=\"true\"><span class=\"woocommerce-Price-currencySymbol\">&#036;<\/span>39.99<\/span><span class=\"screen-reader-text\">Price range: &#036;5.99 through &#036;39.99<\/span><\/span><\/div>\n\t\t\t\t\n\t\t\t\t<div class=\"wp-block-button wc-block-grid__product-add-to-cart\"><a href=\"https:\/\/www.argensend.com\/en\/product\/cachafaz-alfajor-de-chocolate-negro-con-dulce-de-leche-2\/\" aria-label=\"Select options for &ldquo;Cachafaz - Alfajor de Chocolate Negro con Dulce de Leche&rdquo;\" data-quantity=\"1\" data-product_id=\"10320\" data-product_sku=\"\" data-price=\"5.99\" rel=\"nofollow\" class=\"wp-block-button__link  add_to_cart_button\">Seleccionar Opciones<\/a><\/div>\n\t\t\t<\/li><li class=\"wc-block-grid__product\">\n\t\t\t\t<a href=\"https:\/\/www.argensend.com\/en\/product\/mantecol-250grs-sin-tacc\/\" class=\"wc-block-grid__product-link\">\n\t\t\t\t\t\n\t\t\t\t\t<div class=\"wc-block-grid__product-image\"><img loading=\"lazy\" loading=\"lazy\" decoding=\"async\" width=\"300\" height=\"300\" src=\"https:\/\/www.argensend.com\/wp-content\/uploads\/xstore\/xstore-placeholder-10x10.png\" class=\"attachment-woocommerce_thumbnail size-woocommerce_thumbnail lazyload lazyload-simple et-lazyload-fadeIn\" alt=\"Mantecol - Postre de Man\u00ed - 253gr\" sizes=\"auto, (max-width: 300px) 100vw, 300px\" data-src=\"https:\/\/www.argensend.com\/wp-content\/uploads\/2020\/07\/2181544_f-300x300.jpg\" data-srcset=\"https:\/\/www.argensend.com\/wp-content\/uploads\/2020\/07\/2181544_f-300x300.jpg 300w, https:\/\/www.argensend.com\/wp-content\/uploads\/2020\/07\/2181544_f-324x324.jpg 324w, https:\/\/www.argensend.com\/wp-content\/uploads\/2020\/07\/2181544_f-160x160.jpg 160w, https:\/\/www.argensend.com\/wp-content\/uploads\/2020\/07\/2181544_f-555x555.jpg 555w, https:\/\/www.argensend.com\/wp-content\/uploads\/2020\/07\/2181544_f-150x150.jpg 150w, https:\/\/www.argensend.com\/wp-content\/uploads\/2020\/07\/2181544_f-500x500.jpg 500w, https:\/\/www.argensend.com\/wp-content\/uploads\/2020\/07\/2181544_f-64x64.jpg 64w, https:\/\/www.argensend.com\/wp-content\/uploads\/2020\/07\/2181544_f.jpg 600w\" \/><\/div>\n\t\t\t\t\t<div class=\"wc-block-grid__product-title\">Mantecol &#8211; Postre de Man\u00ed &#8211; 253gr<\/div>\n\t\t\t\t<\/a>\n\t\t\t\t<div class=\"wc-block-grid__product-price price\"><span class=\"woocs_price_code\" data-product-id=\"8679\"><span class=\"woocommerce-Price-amount amount\"><span class=\"woocommerce-Price-currencySymbol\">&#036;<\/span>17.99<\/span><\/span><\/div>\n\t\t\t\t\n\t\t\t\t<div class=\"wp-block-button wc-block-grid__product-add-to-cart\"><a href=\"https:\/\/www.argensend.com\/en\/product\/mantecol-250grs-sin-tacc\/\" aria-label=\"Add to cart: &ldquo;Mantecol - Postre de Man\u00ed - 253gr&rdquo;\" data-quantity=\"1\" data-product_id=\"8679\" data-product_sku=\"\" data-price=\"17.99\" rel=\"nofollow\" class=\"wp-block-button__link  add_to_cart_button ajax_add_to_cart\">Seleccionar Opciones<\/a><\/div>\n\t\t\t<\/li><li class=\"wc-block-grid__product\">\n\t\t\t\t<a href=\"https:\/\/www.argensend.com\/en\/product\/bizcochos-don-satur-grasa-200g-x-3-unidades\/\" class=\"wc-block-grid__product-link\">\n\t\t\t\t\t\n\t\t\t\t\t<div class=\"wc-block-grid__product-image\"><img loading=\"lazy\" loading=\"lazy\" decoding=\"async\" width=\"300\" height=\"300\" src=\"https:\/\/www.argensend.com\/wp-content\/uploads\/xstore\/xstore-placeholder-10x10.png\" class=\"attachment-woocommerce_thumbnail size-woocommerce_thumbnail lazyload lazyload-simple et-lazyload-fadeIn\" alt=\"Don Satur - Bizcochos Grasa 200gr - 3 Unidades\" sizes=\"auto, (max-width: 300px) 100vw, 300px\" data-src=\"https:\/\/www.argensend.com\/wp-content\/uploads\/2020\/10\/donsatur__59598-300x300.jpg\" data-srcset=\"https:\/\/www.argensend.com\/wp-content\/uploads\/2020\/10\/donsatur__59598-300x300.jpg 300w, https:\/\/www.argensend.com\/wp-content\/uploads\/2020\/10\/donsatur__59598-150x150.jpg 150w, https:\/\/www.argensend.com\/wp-content\/uploads\/2020\/10\/donsatur__59598-100x100.jpg 100w\" \/><\/div>\n\t\t\t\t\t<div class=\"wc-block-grid__product-title\">Don Satur &#8211; Bizcochos Grasa 200gr &#8211; 3 Unidades<\/div>\n\t\t\t\t<\/a>\n\t\t\t\t<div class=\"wc-block-grid__product-price price\"><span class=\"woocs_price_code\" data-product-id=\"11032\"><span class=\"woocommerce-Price-amount amount\"><span class=\"woocommerce-Price-currencySymbol\">&#036;<\/span>11.28<\/span><\/span><\/div>\n\t\t\t\t\n\t\t\t\t<div class=\"wp-block-button wc-block-grid__product-add-to-cart\"><a href=\"\/en\/wp-json\/wp\/v2\/posts\/51231?add-to-cart=11032\" aria-label=\"Add to cart: &ldquo;Don Satur - Bizcochos Grasa 200gr - 3 Unidades&rdquo;\" data-quantity=\"1\" data-product_id=\"11032\" data-product_sku=\"\" data-price=\"11.28\" rel=\"nofollow\" class=\"wp-block-button__link  add_to_cart_button ajax_add_to_cart\">A\u00f1adir al Carrito<\/a><\/div>\n\t\t\t<\/li><li class=\"wc-block-grid__product\">\n\t\t\t\t<a href=\"https:\/\/www.argensend.com\/en\/product\/poncho-negro-dulce-de-leche-450-gr-dulce-de-leche-15-87-oz\/\" class=\"wc-block-grid__product-link\">\n\t\t\t\t\t\n\t\t\t\t\t<div style=\"position:relative;\"><div class=\"wc-block-grid__product-image\"><img loading=\"lazy\" loading=\"lazy\" decoding=\"async\" width=\"300\" height=\"300\" src=\"https:\/\/www.argensend.com\/wp-content\/uploads\/xstore\/xstore-placeholder-10x10.png\" class=\"attachment-woocommerce_thumbnail size-woocommerce_thumbnail lazyload lazyload-simple et-lazyload-fadeIn\" alt=\"Poncho Negro - Dulce de Leche 450gr\" sizes=\"auto, (max-width: 300px) 100vw, 300px\" data-src=\"https:\/\/www.argensend.com\/wp-content\/uploads\/2020\/06\/00087551-300x300.jpg\" data-srcset=\"https:\/\/www.argensend.com\/wp-content\/uploads\/2020\/06\/00087551-300x300.jpg 300w, https:\/\/www.argensend.com\/wp-content\/uploads\/2020\/06\/00087551-324x324.jpg 324w, https:\/\/www.argensend.com\/wp-content\/uploads\/2020\/06\/00087551-160x160.jpg 160w, https:\/\/www.argensend.com\/wp-content\/uploads\/2020\/06\/00087551-555x555.jpg 555w, https:\/\/www.argensend.com\/wp-content\/uploads\/2020\/06\/00087551-150x150.jpg 150w, https:\/\/www.argensend.com\/wp-content\/uploads\/2020\/06\/00087551-768x768.jpg 768w, https:\/\/www.argensend.com\/wp-content\/uploads\/2020\/06\/00087551-500x500.jpg 500w, https:\/\/www.argensend.com\/wp-content\/uploads\/2020\/06\/00087551-64x64.jpg 64w, https:\/\/www.argensend.com\/wp-content\/uploads\/2020\/06\/00087551.jpg 1000w\" \/><\/div><div class=\"advanced-woo-labels awl-position-type-on-image awl-label-type-archive awl-align-left-top\" style=\"display:flex;flex-wrap:wrap;flex-direction:row;text-align:left;width:100%;position:absolute;z-index:9;left:0px;right:auto;top:0px;bottom:auto;transform:none;justify-content:flex-start;\"><div class=\"awl-label-wrap awl-text-label-wrap awl-label-id-53251\" style=\"\"><span class=\"awl-product-label awl-type-label awl-type-label-round\" style=\"display:table;position:relative;line-height:1;white-space:nowrap;vertical-align:baseline;font-size:11px;--awl-font-size-tablet:11px;--awl-font-size-phone:11px;font-weight:400;font-style:normal;letter-spacing:0px;color:#ffffff;opacity:1;margin:3px 3px 3px 3px;\"><span class=\"awl-label-text\"  style=\"display:table-cell;padding:0.5em 0.7em 0.5em 0.7em;z-index:1;background:#fa3e3d;position:relative;line-height:1;border-radius:1em;\"><span class=\"awl-inner-text\">13% OFF<\/span><\/span><\/span><\/div><\/div><\/div>\n\t\t\t\t\t<div class=\"wc-block-grid__product-title\">Poncho Negro &#8211; Dulce de Leche 450gr<\/div>\n\t\t\t\t<\/a>\n\t\t\t\t<div class=\"wc-block-grid__product-price price\"><span class=\"woocs_price_code\" data-product-id=\"8375\"><del aria-hidden=\"true\"><span class=\"woocommerce-Price-amount amount\"><span class=\"woocommerce-Price-currencySymbol\">&#036;<\/span>16.60<\/span><\/del> <span class=\"screen-reader-text\">Original price was: &#036;16.60.<\/span><ins aria-hidden=\"true\"><span class=\"woocommerce-Price-amount amount\"><span class=\"woocommerce-Price-currencySymbol\">&#036;<\/span>14.41<\/span><\/ins><span class=\"screen-reader-text\">Current price is: &#036;14.41.<\/span><\/span><\/div>\n\t\t\t\t\n\t\t\t\t<div class=\"wp-block-button wc-block-grid__product-add-to-cart\"><a href=\"\/en\/wp-json\/wp\/v2\/posts\/51231?add-to-cart=8375\" aria-label=\"Add to cart: &ldquo;Poncho Negro - Dulce de Leche 450gr&rdquo;\" data-quantity=\"1\" data-product_id=\"8375\" data-product_sku=\"\" data-price=\"14.41\" rel=\"nofollow\" class=\"wp-block-button__link  add_to_cart_button ajax_add_to_cart\">A\u00f1adir al Carrito<\/a><\/div>\n\t\t\t<\/li><\/ul><\/div>\n\n\n<div class=\"wp-block-buttons is-content-justification-right is-layout-flex wp-container-core-buttons-is-layout-765c4724 wp-block-buttons-is-layout-flex\">\n<div class=\"wp-block-button\"><a class=\"wp-block-button__link has-white-color has-text-color has-background\" href=\"https:\/\/www.argensend.com\/catalogo\/tradicion-argentina\/\" style=\"border-radius:5px;background-color:#05aeef\">M\u00e1s productos Tradicionales<\/a><\/div>\n<\/div>\n\n\n\n<p>En ese lapso hubo dos posiciones que confrontaron: la de&nbsp;<strong>Mariano Moreno<\/strong>&nbsp;y sus compa\u00f1eros, quienes plantearon, adem\u00e1s de la&nbsp;<strong>Declaraci\u00f3n de la Independencia<\/strong>, incorporar aspectos de una Revoluci\u00f3n pol\u00edtica junto con una serie de cambios econ\u00f3micos.<\/p>\n\n\n<div data-align-buttons=\"true\" data-block-name=\"woocommerce\/product-category\" data-categories=\"[89,2144]\" data-columns=\"4\" data-content-visibility=\"{&quot;image&quot;:true,&quot;title&quot;:true,&quot;price&quot;:true,&quot;rating&quot;:false,&quot;button&quot;:true}\" data-orderby=\"popularity\" data-rows=\"1\" class=\"wc-block-grid wp-block-product-category wp-block-woocommerce-product-category wc-block-product-category has-4-columns has-aligned-buttons\"><ul class=\"wc-block-grid__products\"><li class=\"wc-block-grid__product\">\n\t\t\t\t<a href=\"https:\/\/www.argensend.com\/en\/product\/canarias-yerba-mate-1-kg-uruguaya-uruguayan-yerba-mate-35-27-oz\/\" class=\"wc-block-grid__product-link\">\n\t\t\t\t\t\n\t\t\t\t\t<div class=\"wc-block-grid__product-image\"><img loading=\"lazy\" loading=\"lazy\" decoding=\"async\" width=\"300\" height=\"300\" src=\"https:\/\/www.argensend.com\/wp-content\/uploads\/xstore\/xstore-placeholder-10x10.png\" class=\"attachment-woocommerce_thumbnail size-woocommerce_thumbnail lazyload lazyload-simple et-lazyload-fadeIn\" alt=\"Canarias - Yerba Mate 1kg - Uruguaya\" sizes=\"auto, (max-width: 300px) 100vw, 300px\" data-src=\"https:\/\/www.argensend.com\/wp-content\/uploads\/2020\/07\/Productos-Grupo-Mate-Rojo-Canarias-1kg-300x300.jpg\" data-srcset=\"https:\/\/www.argensend.com\/wp-content\/uploads\/2020\/07\/Productos-Grupo-Mate-Rojo-Canarias-1kg-300x300.jpg 300w, https:\/\/www.argensend.com\/wp-content\/uploads\/2020\/07\/Productos-Grupo-Mate-Rojo-Canarias-1kg-1024x1024.jpg 1024w, https:\/\/www.argensend.com\/wp-content\/uploads\/2020\/07\/Productos-Grupo-Mate-Rojo-Canarias-1kg-150x150.jpg 150w, https:\/\/www.argensend.com\/wp-content\/uploads\/2020\/07\/Productos-Grupo-Mate-Rojo-Canarias-1kg-768x768.jpg 768w, https:\/\/www.argensend.com\/wp-content\/uploads\/2020\/07\/Productos-Grupo-Mate-Rojo-Canarias-1kg-1536x1536.jpg 1536w, https:\/\/www.argensend.com\/wp-content\/uploads\/2020\/07\/Productos-Grupo-Mate-Rojo-Canarias-1kg-12x12.jpg 12w, https:\/\/www.argensend.com\/wp-content\/uploads\/2020\/07\/Productos-Grupo-Mate-Rojo-Canarias-1kg-600x600.jpg 600w, https:\/\/www.argensend.com\/wp-content\/uploads\/2020\/07\/Productos-Grupo-Mate-Rojo-Canarias-1kg-100x100.jpg 100w, https:\/\/www.argensend.com\/wp-content\/uploads\/2020\/07\/Productos-Grupo-Mate-Rojo-Canarias-1kg-10x10.jpg 10w, https:\/\/www.argensend.com\/wp-content\/uploads\/2020\/07\/Productos-Grupo-Mate-Rojo-Canarias-1kg.jpg 1701w\" \/><\/div>\n\t\t\t\t\t<div class=\"wc-block-grid__product-title\">Canarias &#8211; Yerba Mate 1kg &#8211; Uruguaya<\/div>\n\t\t\t\t<\/a>\n\t\t\t\t<div class=\"wc-block-grid__product-price price\"><span class=\"woocs_price_code\" data-product-id=\"8683\"><span class=\"woocommerce-Price-amount amount\" aria-hidden=\"true\"><span class=\"woocommerce-Price-currencySymbol\">&#036;<\/span>18.32<\/span> <span aria-hidden=\"true\">&ndash;<\/span> <span class=\"woocommerce-Price-amount amount\" aria-hidden=\"true\"><span class=\"woocommerce-Price-currencySymbol\">&#036;<\/span>312.63<\/span><span class=\"screen-reader-text\">Price range: &#036;18.32 through &#036;312.63<\/span><\/span><\/div>\n\t\t\t\t\n\t\t\t\t<div class=\"wp-block-button wc-block-grid__product-add-to-cart\"><a href=\"https:\/\/www.argensend.com\/en\/product\/canarias-yerba-mate-1-kg-uruguaya-uruguayan-yerba-mate-35-27-oz\/\" aria-label=\"Select options for &ldquo;Canarias - Yerba Mate 1kg - Uruguaya&rdquo;\" data-quantity=\"1\" data-product_id=\"8683\" data-product_sku=\"\" data-price=\"18.316\" rel=\"nofollow\" class=\"wp-block-button__link  add_to_cart_button\">Seleccionar Opciones<\/a><\/div>\n\t\t\t<\/li><li class=\"wc-block-grid__product\">\n\t\t\t\t<a href=\"https:\/\/www.argensend.com\/en\/product\/taragui-yerba-mate-1-kg-rojo-yerba-mate-35-27-oz-red\/\" class=\"wc-block-grid__product-link\">\n\t\t\t\t\t\n\t\t\t\t\t<div class=\"wc-block-grid__product-image\"><img loading=\"lazy\" loading=\"lazy\" decoding=\"async\" width=\"300\" height=\"300\" src=\"https:\/\/www.argensend.com\/wp-content\/uploads\/xstore\/xstore-placeholder-10x10.png\" class=\"attachment-woocommerce_thumbnail size-woocommerce_thumbnail lazyload lazyload-simple et-lazyload-fadeIn\" alt=\"Tarag\u00fci - Yerba Mate 1kg Rojo\" sizes=\"auto, (max-width: 300px) 100vw, 300px\" data-src=\"https:\/\/www.argensend.com\/wp-content\/uploads\/2020\/09\/00258025-300x300.jpg\" data-srcset=\"https:\/\/www.argensend.com\/wp-content\/uploads\/2020\/09\/00258025-300x300.jpg 300w, https:\/\/www.argensend.com\/wp-content\/uploads\/2020\/09\/00258025-324x324.jpg 324w, https:\/\/www.argensend.com\/wp-content\/uploads\/2020\/09\/00258025-160x160.jpg 160w, https:\/\/www.argensend.com\/wp-content\/uploads\/2020\/09\/00258025-555x555.jpg 555w, https:\/\/www.argensend.com\/wp-content\/uploads\/2020\/09\/00258025-150x150.jpg 150w, https:\/\/www.argensend.com\/wp-content\/uploads\/2020\/09\/00258025-768x768.jpg 768w, https:\/\/www.argensend.com\/wp-content\/uploads\/2020\/09\/00258025-500x500.jpg 500w, https:\/\/www.argensend.com\/wp-content\/uploads\/2020\/09\/00258025-64x64.jpg 64w, https:\/\/www.argensend.com\/wp-content\/uploads\/2020\/09\/00258025.jpg 1000w\" \/><\/div>\n\t\t\t\t\t<div class=\"wc-block-grid__product-title\">Tarag\u00fci &#8211; Yerba Mate 1kg Rojo<\/div>\n\t\t\t\t<\/a>\n\t\t\t\t<div class=\"wc-block-grid__product-price price\"><span class=\"woocs_price_code\" data-product-id=\"10070\"><span class=\"woocommerce-Price-amount amount\"><span class=\"woocommerce-Price-currencySymbol\">&#036;<\/span>13.64<\/span><\/span><\/div>\n\t\t\t\t\n\t\t\t\t<div class=\"wp-block-button wc-block-grid__product-add-to-cart\"><a href=\"\/en\/wp-json\/wp\/v2\/posts\/51231?add-to-cart=10070\" aria-label=\"Add to cart: &ldquo;Tarag\u00fci - Yerba Mate 1kg Rojo&rdquo;\" data-quantity=\"1\" data-product_id=\"10070\" data-product_sku=\"\" data-price=\"13.64\" rel=\"nofollow\" class=\"wp-block-button__link  add_to_cart_button ajax_add_to_cart\">A\u00f1adir al Carrito<\/a><\/div>\n\t\t\t<\/li><li class=\"wc-block-grid__product\">\n\t\t\t\t<a href=\"https:\/\/www.argensend.com\/en\/product\/canarias-yerba-mate-500-gr-uruguaya-yerba-mate-17-63-oz-uruguayan\/\" class=\"wc-block-grid__product-link\">\n\t\t\t\t\t\n\t\t\t\t\t<div class=\"wc-block-grid__product-image\"><img loading=\"lazy\" loading=\"lazy\" decoding=\"async\" width=\"300\" height=\"300\" src=\"https:\/\/www.argensend.com\/wp-content\/uploads\/xstore\/xstore-placeholder-10x10.png\" class=\"attachment-woocommerce_thumbnail size-woocommerce_thumbnail lazyload lazyload-simple et-lazyload-fadeIn\" alt=\"Canarias - Yerba Mate 500gr - Uruguaya\" sizes=\"auto, (max-width: 300px) 100vw, 300px\" data-src=\"https:\/\/www.argensend.com\/wp-content\/uploads\/2020\/11\/as_yerba_canarias_500-300x300.jpg\" data-srcset=\"https:\/\/www.argensend.com\/wp-content\/uploads\/2020\/11\/as_yerba_canarias_500-300x300.jpg 300w, https:\/\/www.argensend.com\/wp-content\/uploads\/2020\/11\/as_yerba_canarias_500-150x150.jpg 150w, https:\/\/www.argensend.com\/wp-content\/uploads\/2020\/11\/as_yerba_canarias_500-324x324.jpg 324w, https:\/\/www.argensend.com\/wp-content\/uploads\/2020\/11\/as_yerba_canarias_500-100x100.jpg 100w, https:\/\/www.argensend.com\/wp-content\/uploads\/2020\/11\/as_yerba_canarias_500-64x64.jpg 64w, https:\/\/www.argensend.com\/wp-content\/uploads\/2020\/11\/as_yerba_canarias_500.jpg 350w\" \/><\/div>\n\t\t\t\t\t<div class=\"wc-block-grid__product-title\">Canarias &#8211; Yerba Mate 500gr &#8211; Uruguaya<\/div>\n\t\t\t\t<\/a>\n\t\t\t\t<div class=\"wc-block-grid__product-price price\"><span class=\"woocs_price_code\" data-product-id=\"12636\"><span class=\"woocommerce-Price-amount amount\" aria-hidden=\"true\"><span class=\"woocommerce-Price-currencySymbol\">&#036;<\/span>14.43<\/span> <span aria-hidden=\"true\">&ndash;<\/span> <span class=\"woocommerce-Price-amount amount\" aria-hidden=\"true\"><span class=\"woocommerce-Price-currencySymbol\">&#036;<\/span>211.66<\/span><span class=\"screen-reader-text\">Price range: &#036;14.43 through &#036;211.66<\/span><\/span><\/div>\n\t\t\t\t\n\t\t\t\t<div class=\"wp-block-button wc-block-grid__product-add-to-cart\"><a href=\"https:\/\/www.argensend.com\/en\/product\/canarias-yerba-mate-500-gr-uruguaya-yerba-mate-17-63-oz-uruguayan\/\" aria-label=\"Select options for &ldquo;Canarias - Yerba Mate 500gr - Uruguaya&rdquo;\" data-quantity=\"1\" data-product_id=\"12636\" data-product_sku=\"\" data-price=\"14.432\" rel=\"nofollow\" class=\"wp-block-button__link  add_to_cart_button\">Seleccionar Opciones<\/a><\/div>\n\t\t\t<\/li><li class=\"wc-block-grid__product\">\n\t\t\t\t<a href=\"https:\/\/www.argensend.com\/en\/product\/union-yerba-suave-1-kg-soft-yerba-35-27-oz\/\" class=\"wc-block-grid__product-link\">\n\t\t\t\t\t\n\t\t\t\t\t<div class=\"wc-block-grid__product-image\"><img loading=\"lazy\" loading=\"lazy\" decoding=\"async\" width=\"300\" height=\"300\" src=\"https:\/\/www.argensend.com\/wp-content\/uploads\/xstore\/xstore-placeholder-10x10.png\" class=\"attachment-woocommerce_thumbnail size-woocommerce_thumbnail lazyload lazyload-simple et-lazyload-fadeIn\" alt=\"Uni\u00f3n - Yerba Suave 1kg\" sizes=\"auto, (max-width: 300px) 100vw, 300px\" data-src=\"https:\/\/www.argensend.com\/wp-content\/uploads\/2020\/05\/yerba_union_suave_500g-1-300x300.jpg\" data-srcset=\"https:\/\/www.argensend.com\/wp-content\/uploads\/2020\/05\/yerba_union_suave_500g-1-300x300.jpg 300w, https:\/\/www.argensend.com\/wp-content\/uploads\/2020\/05\/yerba_union_suave_500g-1-324x324.jpg 324w, https:\/\/www.argensend.com\/wp-content\/uploads\/2020\/05\/yerba_union_suave_500g-1-160x160.jpg 160w, https:\/\/www.argensend.com\/wp-content\/uploads\/2020\/05\/yerba_union_suave_500g-1-555x555.jpg 555w, https:\/\/www.argensend.com\/wp-content\/uploads\/2020\/05\/yerba_union_suave_500g-1-64x64.jpg 64w, https:\/\/www.argensend.com\/wp-content\/uploads\/2020\/05\/yerba_union_suave_500g-1-150x150.jpg 150w, https:\/\/www.argensend.com\/wp-content\/uploads\/2020\/05\/yerba_union_suave_500g-1-400x400.jpg 400w, https:\/\/www.argensend.com\/wp-content\/uploads\/2020\/05\/yerba_union_suave_500g-1.jpg 600w\" \/><\/div>\n\t\t\t\t\t<div class=\"wc-block-grid__product-title\">Uni\u00f3n &#8211; Yerba Suave 1kg<\/div>\n\t\t\t\t<\/a>\n\t\t\t\t<div class=\"wc-block-grid__product-price price\"><span class=\"woocs_price_code\" data-product-id=\"7703\"><span class=\"woocommerce-Price-amount amount\"><span class=\"woocommerce-Price-currencySymbol\">&#036;<\/span>11.53<\/span><\/span><\/div>\n\t\t\t\t\n\t\t\t\t<div class=\"wp-block-button wc-block-grid__product-add-to-cart\"><a href=\"\/en\/wp-json\/wp\/v2\/posts\/51231?add-to-cart=7703\" aria-label=\"Add to cart: &ldquo;Uni\u00f3n - Yerba Suave 1kg&rdquo;\" data-quantity=\"1\" data-product_id=\"7703\" data-product_sku=\"\" data-price=\"11.528\" rel=\"nofollow\" class=\"wp-block-button__link  add_to_cart_button ajax_add_to_cart\">A\u00f1adir al Carrito<\/a><\/div>\n\t\t\t<\/li><\/ul><\/div>\n\n\n<div class=\"wp-block-buttons is-content-justification-right is-layout-flex wp-container-core-buttons-is-layout-765c4724 wp-block-buttons-is-layout-flex\">\n<div class=\"wp-block-button\"><a class=\"wp-block-button__link has-white-color has-text-color has-background\" href=\"https:\/\/www.argensend.com\/catalogo\/bebidas-beverages\/yerba-e-infusiones-yerba-infusions\/\" style=\"border-radius:5px;background-color:#05aeef\">M\u00e1s productos Tradicionales<\/a><\/div>\n<\/div>\n\n\n\n<p>Y por otro lado, la posici\u00f3n de&nbsp;<strong>Cornelio Saavedra<\/strong>&nbsp;quien&nbsp;establec\u00eda un plan gradual de modificaciones, que no alteraban el orden social y econ\u00f3mico de la colonia.<\/p>\n\n\n\n<h2 class=\"wp-block-heading\">La sesi\u00f3n del Congreso de Tucum\u00e1n&nbsp;<\/h2>\n\n\n\n<p>Finalmente, en julio de&nbsp;1816, Ignacio \u00c1lvarez Thomas en reemplazo de Jos\u00e9 Rondeau,&nbsp;<strong>Supremo Director de las Provincias Unidas del R\u00edo de la Plata<\/strong>, convoc\u00f3 a un Congreso General Constituyente en la ciudad de Tucum\u00e1n.<\/p>\n\n\n\n<p><\/p>\n\n\n<div class=\"wp-block-image\">\n<figure class=\"aligncenter size-large\"><img decoding=\"async\" width=\"1024\" height=\"768\" data-src=\"https:\/\/www.argensend.com\/wp-content\/uploads\/2022\/07\/el-salon-principal-de-la___B1cKeQlmm_1200x0__1-1024x768.jpg\" alt=\"\" class=\"wp-image-51286 lazyload\" data-srcset=\"https:\/\/www.argensend.com\/wp-content\/uploads\/2022\/07\/el-salon-principal-de-la___B1cKeQlmm_1200x0__1-1024x768.jpg 1024w, https:\/\/www.argensend.com\/wp-content\/uploads\/2022\/07\/el-salon-principal-de-la___B1cKeQlmm_1200x0__1-300x225.jpg 300w, https:\/\/www.argensend.com\/wp-content\/uploads\/2022\/07\/el-salon-principal-de-la___B1cKeQlmm_1200x0__1-768x576.jpg 768w, https:\/\/www.argensend.com\/wp-content\/uploads\/2022\/07\/el-salon-principal-de-la___B1cKeQlmm_1200x0__1-416x312.jpg 416w, https:\/\/www.argensend.com\/wp-content\/uploads\/2022\/07\/el-salon-principal-de-la___B1cKeQlmm_1200x0__1-64x48.jpg 64w, https:\/\/www.argensend.com\/wp-content\/uploads\/2022\/07\/el-salon-principal-de-la___B1cKeQlmm_1200x0__1.jpg 1200w\" data-sizes=\"auto, (max-width: 1024px) 100vw, 1024px\" src=\"data:image\/svg+xml;base64,PHN2ZyB3aWR0aD0iMSIgaGVpZ2h0PSIxIiB4bWxucz0iaHR0cDovL3d3dy53My5vcmcvMjAwMC9zdmciPjwvc3ZnPg==\" style=\"--smush-placeholder-width: 1024px; --smush-placeholder-aspect-ratio: 1024\/768;\" \/><figcaption>El sal\u00f3n principal de la Casa Hist\u00f3rica de Tucum\u00e1n en la actualidad.<\/figcaption><\/figure>\n<\/div>\n\n\n<p><strong>El primer debate del Congreso se centr\u00f3 en la forma de gobierno<\/strong>. La mayor\u00eda de los participantes estaban de acuerdo con establecer una monarqu\u00eda constitucional, que era la forma m\u00e1s aceptada en Europa.&nbsp;<strong>En aquellos a\u00f1os una de las pocas rep\u00fablicas era los Estados Unidos de Norteam\u00e9rica.<\/strong><\/p>\n\n\n<div data-align-buttons=\"true\" data-block-name=\"woocommerce\/product-category\" data-categories=\"[2144]\" data-columns=\"4\" data-content-visibility=\"{&quot;image&quot;:true,&quot;title&quot;:true,&quot;price&quot;:true,&quot;rating&quot;:false,&quot;button&quot;:true}\" data-orderby=\"popularity\" data-rows=\"1\" class=\"wc-block-grid wp-block-product-category wp-block-woocommerce-product-category wc-block-product-category has-4-columns has-aligned-buttons\"><ul class=\"wc-block-grid__products\"><li class=\"wc-block-grid__product\">\n\t\t\t\t<a href=\"https:\/\/www.argensend.com\/en\/product\/carol-yerbera-y-azucarera-acero-inoxidable-doble-acero-yerba-bowl-and-sugar-bowl-stainless-steel-double-steel\/\" class=\"wc-block-grid__product-link\">\n\t\t\t\t\t\n\t\t\t\t\t<div class=\"wc-block-grid__product-image\"><img loading=\"lazy\" loading=\"lazy\" decoding=\"async\" width=\"300\" height=\"300\" src=\"https:\/\/www.argensend.com\/wp-content\/uploads\/xstore\/xstore-placeholder-10x10.png\" class=\"attachment-woocommerce_thumbnail size-woocommerce_thumbnail lazyload lazyload-simple et-lazyload-fadeIn\" alt=\"Carol - Yerbera y Azucarera Acero Inoxidable Doble Acero\" sizes=\"auto, (max-width: 300px) 100vw, 300px\" data-src=\"https:\/\/www.argensend.com\/wp-content\/uploads\/2021\/09\/D_NQ_NP_2X_343905-MLA25116445191_102016-F-300x300.jpg\" data-srcset=\"https:\/\/www.argensend.com\/wp-content\/uploads\/2021\/09\/D_NQ_NP_2X_343905-MLA25116445191_102016-F-300x300.jpg 300w, https:\/\/www.argensend.com\/wp-content\/uploads\/2021\/09\/D_NQ_NP_2X_343905-MLA25116445191_102016-F-150x150.jpg 150w, https:\/\/www.argensend.com\/wp-content\/uploads\/2021\/09\/D_NQ_NP_2X_343905-MLA25116445191_102016-F-100x100.jpg 100w, https:\/\/www.argensend.com\/wp-content\/uploads\/2021\/09\/D_NQ_NP_2X_343905-MLA25116445191_102016-F-324x324.jpg 324w\" \/><\/div>\n\t\t\t\t\t<div class=\"wc-block-grid__product-title\">Carol &#8211; Yerbera y Azucarera Acero Inoxidable Doble Acero<\/div>\n\t\t\t\t<\/a>\n\t\t\t\t<div class=\"wc-block-grid__product-price price\"><span class=\"woocs_price_code\" data-product-id=\"34984\"><span class=\"woocommerce-Price-amount amount\"><span class=\"woocommerce-Price-currencySymbol\">&#036;<\/span>29.25<\/span><\/span><\/div>\n\t\t\t\t\n\t\t\t\t<div class=\"wp-block-button wc-block-grid__product-add-to-cart\"><a href=\"\/en\/wp-json\/wp\/v2\/posts\/51231?add-to-cart=34984\" aria-label=\"Add to cart: &ldquo;Carol - Yerbera y Azucarera Acero Inoxidable Doble Acero&rdquo;\" data-quantity=\"1\" data-product_id=\"34984\" data-product_sku=\"\" data-price=\"29.249\" rel=\"nofollow\" class=\"wp-block-button__link  add_to_cart_button ajax_add_to_cart\">A\u00f1adir al Carrito<\/a><\/div>\n\t\t\t<\/li><li class=\"wc-block-grid__product\">\n\t\t\t\t<a href=\"https:\/\/www.argensend.com\/en\/product\/yerberas-de-gamuza-y-cuero-grande-con-bolsillo-para-bombilla-color-negro\/\" class=\"wc-block-grid__product-link\">\n\t\t\t\t\t\n\t\t\t\t\t<div class=\"wc-block-grid__product-image\"><img loading=\"lazy\" loading=\"lazy\" decoding=\"async\" width=\"300\" height=\"300\" src=\"https:\/\/www.argensend.com\/wp-content\/uploads\/xstore\/xstore-placeholder-10x10.png\" class=\"attachment-woocommerce_thumbnail size-woocommerce_thumbnail lazyload lazyload-simple et-lazyload-fadeIn\" alt=\"Yerberas de Gamuza y Cuero grande con Bolsillo para Bombilla Color Negro\" sizes=\"auto, (max-width: 300px) 100vw, 300px\" data-src=\"https:\/\/www.argensend.com\/wp-content\/uploads\/2021\/10\/D_NQ_NP_2X_774578-MLA46451275339_062021-F-300x300.jpg\" data-srcset=\"https:\/\/www.argensend.com\/wp-content\/uploads\/2021\/10\/D_NQ_NP_2X_774578-MLA46451275339_062021-F-300x300.jpg 300w, https:\/\/www.argensend.com\/wp-content\/uploads\/2021\/10\/D_NQ_NP_2X_774578-MLA46451275339_062021-F-150x150.jpg 150w, https:\/\/www.argensend.com\/wp-content\/uploads\/2021\/10\/D_NQ_NP_2X_774578-MLA46451275339_062021-F-100x100.jpg 100w, https:\/\/www.argensend.com\/wp-content\/uploads\/2021\/10\/D_NQ_NP_2X_774578-MLA46451275339_062021-F-324x324.jpg 324w\" \/><\/div>\n\t\t\t\t\t<div class=\"wc-block-grid__product-title\">Yerberas de Gamuza y Cuero grande con Bolsillo para Bombilla Color Negro<\/div>\n\t\t\t\t<\/a>\n\t\t\t\t<div class=\"wc-block-grid__product-price price\"><span class=\"woocs_price_code\" data-product-id=\"36653\"><span class=\"woocommerce-Price-amount amount\"><span class=\"woocommerce-Price-currencySymbol\">&#036;<\/span>25.94<\/span><\/span><\/div>\n\t\t\t\t\n\t\t\t\t<div class=\"wp-block-button wc-block-grid__product-add-to-cart\"><a href=\"\/en\/wp-json\/wp\/v2\/posts\/51231?add-to-cart=36653\" aria-label=\"Add to cart: &ldquo;Yerberas de Gamuza y Cuero grande con Bolsillo para Bombilla Color Negro&rdquo;\" data-quantity=\"1\" data-product_id=\"36653\" data-product_sku=\"\" data-price=\"25.938\" rel=\"nofollow\" class=\"wp-block-button__link  add_to_cart_button ajax_add_to_cart\">A\u00f1adir al Carrito<\/a><\/div>\n\t\t\t<\/li><li class=\"wc-block-grid__product\">\n\t\t\t\t<a href=\"https:\/\/www.argensend.com\/en\/product\/boca-juniors-yerbera-y-azucarera-eco-cuero\/\" class=\"wc-block-grid__product-link\">\n\t\t\t\t\t\n\t\t\t\t\t<div style=\"position:relative;\"><div class=\"wc-block-grid__product-image\"><img loading=\"lazy\" loading=\"lazy\" decoding=\"async\" width=\"240\" height=\"292\" src=\"https:\/\/www.argensend.com\/wp-content\/uploads\/xstore\/xstore-placeholder-300x300.png\" class=\"attachment-woocommerce_thumbnail size-woocommerce_thumbnail lazyload lazyload-simple et-lazyload-fadeIn\" alt=\"Boca Juniors - Yerbera y Azucarera Eco Cuero\" sizes=\"auto, (max-width: 240px) 100vw, 240px\" data-src=\"https:\/\/www.argensend.com\/wp-content\/uploads\/2021\/06\/Yerbera-2.jpeg\" data-srcset=\"https:\/\/www.argensend.com\/wp-content\/uploads\/2021\/06\/Yerbera-2.jpeg 240w, https:\/\/www.argensend.com\/wp-content\/uploads\/2021\/06\/Yerbera-2-64x78.jpeg 64w\" \/><\/div><div class=\"advanced-woo-labels awl-position-type-on-image awl-label-type-archive awl-align-left-top\" style=\"display:flex;flex-wrap:wrap;flex-direction:row;text-align:left;width:100%;position:absolute;z-index:9;left:0px;right:auto;top:0px;bottom:auto;transform:none;justify-content:flex-start;\"><div class=\"awl-label-wrap awl-text-label-wrap awl-label-id-53251\" style=\"\"><span class=\"awl-product-label awl-type-label awl-type-label-round\" style=\"display:table;position:relative;line-height:1;white-space:nowrap;vertical-align:baseline;font-size:11px;--awl-font-size-tablet:11px;--awl-font-size-phone:11px;font-weight:400;font-style:normal;letter-spacing:0px;color:#ffffff;opacity:1;margin:3px 3px 3px 3px;\"><span class=\"awl-label-text\"  style=\"display:table-cell;padding:0.5em 0.7em 0.5em 0.7em;z-index:1;background:#fa3e3d;position:relative;line-height:1;border-radius:1em;\"><span class=\"awl-inner-text\">20% OFF<\/span><\/span><\/span><\/div><\/div><\/div>\n\t\t\t\t\t<div class=\"wc-block-grid__product-title\">Boca Juniors &#8211; Yerbera y Azucarera Eco Cuero<\/div>\n\t\t\t\t<\/a>\n\t\t\t\t<div class=\"wc-block-grid__product-price price\"><span class=\"woocs_price_code\" data-product-id=\"26992\"><del aria-hidden=\"true\"><span class=\"woocommerce-Price-amount amount\"><span class=\"woocommerce-Price-currencySymbol\">&#036;<\/span>13.64<\/span><\/del> <span class=\"screen-reader-text\">Original price was: &#036;13.64.<\/span><ins aria-hidden=\"true\"><span class=\"woocommerce-Price-amount amount\"><span class=\"woocommerce-Price-currencySymbol\">&#036;<\/span>10.90<\/span><\/ins><span class=\"screen-reader-text\">Current price is: &#036;10.90.<\/span><\/span><\/div>\n\t\t\t\t\n\t\t\t\t<div class=\"wp-block-button wc-block-grid__product-add-to-cart\"><a href=\"https:\/\/www.argensend.com\/en\/product\/boca-juniors-yerbera-y-azucarera-eco-cuero\/\" aria-label=\"Read more about &ldquo;Boca Juniors - Yerbera y Azucarera Eco Cuero&rdquo;\" data-quantity=\"1\" data-product_id=\"26992\" data-product_sku=\"\" data-price=\"10.901\" rel=\"nofollow\" class=\"wp-block-button__link  add_to_cart_button\">Read more<\/a><\/div>\n\t\t\t<\/li><li class=\"wc-block-grid__product\">\n\t\t\t\t<a href=\"https:\/\/www.argensend.com\/en\/product\/river-plate-yerbera-y-azucarera-eco-cuero-eco-leather-yerba-bowl-sugar-bowl\/\" class=\"wc-block-grid__product-link\">\n\t\t\t\t\t\n\t\t\t\t\t<div class=\"wc-block-grid__product-image\"><img loading=\"lazy\" loading=\"lazy\" decoding=\"async\" width=\"240\" height=\"277\" src=\"https:\/\/www.argensend.com\/wp-content\/uploads\/xstore\/xstore-placeholder-300x300.png\" class=\"attachment-woocommerce_thumbnail size-woocommerce_thumbnail lazyload lazyload-simple et-lazyload-fadeIn\" alt=\"River Plate - Yerbera y Azucarera Eco Cuero\" sizes=\"auto, (max-width: 240px) 100vw, 240px\" data-src=\"https:\/\/www.argensend.com\/wp-content\/uploads\/2021\/06\/Yerbera-1.jpeg\" data-srcset=\"https:\/\/www.argensend.com\/wp-content\/uploads\/2021\/06\/Yerbera-1.jpeg 240w, https:\/\/www.argensend.com\/wp-content\/uploads\/2021\/06\/Yerbera-1-64x74.jpeg 64w\" \/><\/div>\n\t\t\t\t\t<div class=\"wc-block-grid__product-title\">River Plate &#8211; Yerbera y Azucarera Eco Cuero<\/div>\n\t\t\t\t<\/a>\n\t\t\t\t<div class=\"wc-block-grid__product-price price\"><span class=\"woocs_price_code\" data-product-id=\"26991\"><span class=\"woocommerce-Price-amount amount\"><span class=\"woocommerce-Price-currencySymbol\">&#036;<\/span>15.94<\/span><\/span><\/div>\n\t\t\t\t\n\t\t\t\t<div class=\"wp-block-button wc-block-grid__product-add-to-cart\"><a href=\"\/en\/wp-json\/wp\/v2\/posts\/51231?add-to-cart=26991\" aria-label=\"Add to cart: &ldquo;River Plate - Yerbera y Azucarera Eco Cuero&rdquo;\" data-quantity=\"1\" data-product_id=\"26991\" data-product_sku=\"\" data-price=\"15.939\" rel=\"nofollow\" class=\"wp-block-button__link  add_to_cart_button ajax_add_to_cart\">A\u00f1adir al Carrito<\/a><\/div>\n\t\t\t<\/li><\/ul><\/div>\n\n\n<div class=\"wp-block-buttons is-content-justification-right is-layout-flex wp-container-core-buttons-is-layout-765c4724 wp-block-buttons-is-layout-flex\">\n<div class=\"wp-block-button\"><a class=\"wp-block-button__link has-white-color has-text-color has-background\" href=\"https:\/\/www.argensend.com\/catalogo\/mates-termos-thermoses\/\" style=\"border-radius:5px;background-color:#05aeef\">M\u00e1s productos Mates y Yerberas<\/a><\/div>\n<\/div>\n\n\n\n<p>Seg\u00fan las cr\u00f3nicas de la \u00e9poca, el&nbsp;<strong>martes 9 de julio de 1816<\/strong>&nbsp;estaba soleado y a eso de las dos de la tarde los diputados del congreso comenzaron a sesionar.<\/p>\n\n\n<div class=\"wp-block-image\">\n<figure class=\"aligncenter size-full\"><img decoding=\"async\" width=\"720\" height=\"477\" data-src=\"https:\/\/www.argensend.com\/wp-content\/uploads\/2022\/07\/la-casa-de-tucuman-en___ddSn12gsK_720x0__1.jpg\" alt=\"\" class=\"wp-image-51287 lazyload\" data-srcset=\"https:\/\/www.argensend.com\/wp-content\/uploads\/2022\/07\/la-casa-de-tucuman-en___ddSn12gsK_720x0__1.jpg 720w, https:\/\/www.argensend.com\/wp-content\/uploads\/2022\/07\/la-casa-de-tucuman-en___ddSn12gsK_720x0__1-300x199.jpg 300w, https:\/\/www.argensend.com\/wp-content\/uploads\/2022\/07\/la-casa-de-tucuman-en___ddSn12gsK_720x0__1-416x276.jpg 416w, https:\/\/www.argensend.com\/wp-content\/uploads\/2022\/07\/la-casa-de-tucuman-en___ddSn12gsK_720x0__1-64x42.jpg 64w\" data-sizes=\"auto, (max-width: 720px) 100vw, 720px\" src=\"data:image\/svg+xml;base64,PHN2ZyB3aWR0aD0iMSIgaGVpZ2h0PSIxIiB4bWxucz0iaHR0cDovL3d3dy53My5vcmcvMjAwMC9zdmciPjwvc3ZnPg==\" style=\"--smush-placeholder-width: 720px; --smush-placeholder-aspect-ratio: 720\/477;\" \/><figcaption>La casa de Tucum\u00e1n en la actualidad. En esta imagen durante un acto de Ni una menos.<\/figcaption><\/figure>\n<\/div>\n\n\n<p>El diputado por Jujuy, S\u00e1nchez de Bustamante, pidi\u00f3 abordar&nbsp;el \u201c<em>proyecto de deliberaci\u00f3n sobre la libertad e independencia del pa\u00eds<\/em>\u201d. Y el secretario Juan Jos\u00e9 Paso pregunt\u00f3 a sus colegas&nbsp;\u201c<em>si quer\u00edan que las Provincias de la Uni\u00f3n fuesen una naci\u00f3n libre de los reyes de Espa\u00f1a y su metr\u00f3poli<\/em>\u201d. Todos los diputados aprobaron la propuesta de Paso.<\/p>\n\n\n\n<div class=\"wp-block-cover aligncenter is-light\"><span aria-hidden=\"true\" class=\"wp-block-cover__background has-background-dim\"><\/span><img decoding=\"async\" width=\"718\" height=\"1024\" class=\"wp-block-cover__image-background wp-image-51288 lazyload\" alt=\"\" data-src=\"https:\/\/www.argensend.com\/wp-content\/uploads\/2022\/07\/un-acta-de-la-independencia___wqjaxUhbD_720x0__1-718x1024.jpg\" style=\"--smush-placeholder-width: 718px; --smush-placeholder-aspect-ratio: 718\/1024;object-position:51% 5%\" data-object-fit=\"cover\" data-object-position=\"51% 5%\" data-srcset=\"https:\/\/www.argensend.com\/wp-content\/uploads\/2022\/07\/un-acta-de-la-independencia___wqjaxUhbD_720x0__1-718x1024.jpg 718w, https:\/\/www.argensend.com\/wp-content\/uploads\/2022\/07\/un-acta-de-la-independencia___wqjaxUhbD_720x0__1-210x300.jpg 210w, https:\/\/www.argensend.com\/wp-content\/uploads\/2022\/07\/un-acta-de-la-independencia___wqjaxUhbD_720x0__1-416x593.jpg 416w, https:\/\/www.argensend.com\/wp-content\/uploads\/2022\/07\/un-acta-de-la-independencia___wqjaxUhbD_720x0__1-64x91.jpg 64w, https:\/\/www.argensend.com\/wp-content\/uploads\/2022\/07\/un-acta-de-la-independencia___wqjaxUhbD_720x0__1.jpg 720w\" data-sizes=\"auto, (max-width: 718px) 100vw, 718px\" src=\"data:image\/svg+xml;base64,PHN2ZyB3aWR0aD0iMSIgaGVpZ2h0PSIxIiB4bWxucz0iaHR0cDovL3d3dy53My5vcmcvMjAwMC9zdmciPjwvc3ZnPg==\" \/><div class=\"wp-block-cover__inner-container is-layout-flow wp-block-cover-is-layout-flow\">\n<h5 class=\"alignwide has-text-align-center has-white-color has-text-color wp-block-heading\"><strong>Un Acta de la Independencia Argentina.<\/strong><\/h5>\n\n\n\n<h5 class=\"alignwide has-text-align-center has-white-color has-text-color wp-block-heading\"><strong>El documento que firmaron varios congresales.<\/strong><\/h5>\n<\/div><\/div>\n\n\n\n<p><strong>En ese momento&nbsp;fue firmada el Acta de la Independencia.<\/strong>&nbsp;Luego, en&nbsp;la sesi\u00f3n del 19 de julio, uno de los diputados por Buenos Aires, Pedro Medrano, previniendo&nbsp;las gestiones secretas que involucraban a algunos congresales&nbsp;encaminadas a entregar las provincias, independientes de Espa\u00f1a, al dominio de Portugal o Inglaterra, se\u00f1al\u00f3 que \u201c<em>antes de pasar al Ej\u00e9rcito el acta de independencia y la f\u00f3rmula del juramento, se agregase, \u2018<strong>de toda dominaci\u00f3n extranjera\u2019&#8221;<\/strong>,&nbsp;<\/em>en el acta&nbsp;para sofocar el rumor que exist\u00eda acerca de la posibilidad de entregar el pa\u00eds a los portugueses.<\/p>\n\n\n\n<p>La declaraci\u00f3n iba acompa\u00f1ada de un sugerente documento que dec\u00eda \u201c<strong>fin de la Revoluci\u00f3n, principio del Orden<\/strong>\u201d, en el&nbsp;que los congresales dejaban en claro que les preocupaba dar una imagen de moderaci\u00f3n frente a los poderosos de Europa que, tras la derrota de Napole\u00f3n, no toleraban la compleja palabra&nbsp;<strong>Revoluci\u00f3n<\/strong>.<\/p>\n\n\n\n<p class=\"has-text-align-right\">Fuente <a rel=\"noreferrer noopener\" href=\"https:\/\/www.clarin.com\/sociedad\/dia-independencia-paso-9-julio-1816-festeja-ano-_0_NRZy3BDus.html\" target=\"_blank\">Diario Clar\u00edn<\/a><\/p>\n","protected":false},"excerpt":{"rendered":"<p>Hace m\u00e1s de 200 a\u00f1os, en el Congreso de Tucum\u00e1n, se firmaba el Acta que declar\u00f3 Independientes a las Provincias Unidas del R\u00edo de la Plata de la Monarqu\u00eda espa\u00f1ola. Aqu\u00ed un repaso por los eventos hist\u00f3ricos m\u00e1s relevantes.<\/p>","protected":false},"author":7,"featured_media":51285,"comment_status":"closed","ping_status":"closed","sticky":false,"template":"","format":"standard","meta":{"_acf_changed":false,"om_disable_all_campaigns":false,"_monsterinsights_skip_tracking":false,"_monsterinsights_sitenote_active":false,"_monsterinsights_sitenote_note":"","_monsterinsights_sitenote_category":0,"footnotes":""},"categories":[688],"tags":[8998,520,1645,8999],"class_list":["post-51231","post","type-post","status-publish","format-standard","has-post-thumbnail","hentry","category-historia-y-curiosidades","tag-9-de-julio","tag-argentina","tag-celebracion","tag-independencia"],"acf":[],"aioseo_notices":[],"_links":{"self":[{"href":"https:\/\/www.argensend.com\/en\/wp-json\/wp\/v2\/posts\/51231","targetHints":{"allow":["GET"]}}],"collection":[{"href":"https:\/\/www.argensend.com\/en\/wp-json\/wp\/v2\/posts"}],"about":[{"href":"https:\/\/www.argensend.com\/en\/wp-json\/wp\/v2\/types\/post"}],"author":[{"embeddable":true,"href":"https:\/\/www.argensend.com\/en\/wp-json\/wp\/v2\/users\/7"}],"replies":[{"embeddable":true,"href":"https:\/\/www.argensend.com\/en\/wp-json\/wp\/v2\/comments?post=51231"}],"version-history":[{"count":6,"href":"https:\/\/www.argensend.com\/en\/wp-json\/wp\/v2\/posts\/51231\/revisions"}],"predecessor-version":[{"id":54208,"href":"https:\/\/www.argensend.com\/en\/wp-json\/wp\/v2\/posts\/51231\/revisions\/54208"}],"wp:featuredmedia":[{"embeddable":true,"href":"https:\/\/www.argensend.com\/en\/wp-json\/wp\/v2\/media\/51285"}],"wp:attachment":[{"href":"https:\/\/www.argensend.com\/en\/wp-json\/wp\/v2\/media?parent=51231"}],"wp:term":[{"taxonomy":"category","embeddable":true,"href":"https:\/\/www.argensend.com\/en\/wp-json\/wp\/v2\/categories?post=51231"},{"taxonomy":"post_tag","embeddable":true,"href":"https:\/\/www.argensend.com\/en\/wp-json\/wp\/v2\/tags?post=51231"}],"curies":[{"name":"wp","href":"https:\/\/api.w.org\/{rel}","templated":true}]}}