{"id":61466,"date":"2022-12-21T19:06:00","date_gmt":"2022-12-21T22:06:00","guid":{"rendered":"https:\/\/www.argensend.com\/?p=61466"},"modified":"2026-03-02T13:36:19","modified_gmt":"2026-03-02T16:36:19","slug":"argentina-2023-feriados-y-festivos","status":"publish","type":"post","link":"https:\/\/www.argensend.com\/en\/argentina-2023-feriados-y-festivos\/","title":{"rendered":"Argentina 2023, Feriados y Festivos"},"content":{"rendered":"<p>Agenda los d\u00edas feriados y festivos del pr\u00f3ximo 2023, cu\u00e1ndo ser\u00e1 fin de semana largo o feriados a mitad de semana y todas las fechas patrias de la Argentina; para poder organizar tus pedidos y saber si dichas fechas afectan el despacho de tu compra debido que afectan tanto a proveedores y los servicios de recolecci\u00f3n de DHL, FedEx y UPS.<\/p>\n\n\n<div class=\"wp-block-image\">\n<figure class=\"aligncenter size-large\"><img decoding=\"async\" width=\"1024\" height=\"241\" data-src=\"https:\/\/www.argensend.com\/wp-content\/uploads\/2023\/02\/lg-e1677034303591-1024x241.jpg\" alt=\"\" class=\"wp-image-61469 lazyload\" data-srcset=\"https:\/\/www.argensend.com\/wp-content\/uploads\/2023\/02\/lg-e1677034303591-1024x241.jpg 1024w, https:\/\/www.argensend.com\/wp-content\/uploads\/2023\/02\/lg-e1677034303591-300x71.jpg 300w, https:\/\/www.argensend.com\/wp-content\/uploads\/2023\/02\/lg-e1677034303591-768x180.jpg 768w, https:\/\/www.argensend.com\/wp-content\/uploads\/2023\/02\/lg-e1677034303591-416x98.jpg 416w, https:\/\/www.argensend.com\/wp-content\/uploads\/2023\/02\/lg-e1677034303591-64x15.jpg 64w, https:\/\/www.argensend.com\/wp-content\/uploads\/2023\/02\/lg-e1677034303591.jpg 1200w\" data-sizes=\"auto, (max-width: 1024px) 100vw, 1024px\" src=\"data:image\/svg+xml;base64,PHN2ZyB3aWR0aD0iMSIgaGVpZ2h0PSIxIiB4bWxucz0iaHR0cDovL3d3dy53My5vcmcvMjAwMC9zdmciPjwvc3ZnPg==\" style=\"--smush-placeholder-width: 1024px; --smush-placeholder-aspect-ratio: 1024\/241;\" \/><\/figure>\n<\/div>\n\n\n<p class=\"has-text-align-center\"><a rel=\"noreferrer noopener\" href=\"https:\/\/www.argensend.com\/en\/catalogo\/\" target=\"_blank\">Arm\u00e1 tu pedido y compr\u00e1 con tiempo para evitar el retraso por feriados argentinos!<\/a><\/p>\n\n\n\n<p><strong>Calendarios de Feriados 2023 en Argentina<\/strong>*<\/p>\n\n\n\n<ul class=\"wp-block-list\">\n<li>1 de enero (inamovible): A\u00f1o Nuevo<\/li>\n\n\n\n<li>20 de febrero (feriado inamovible): Carnaval<\/li>\n\n\n\n<li>21 de febrero (feriado inamovible): Carnaval<\/li>\n\n\n\n<li>24 de marzo (feriado): D\u00eda Nacional de la Memoria por la Verdad y la Justicia<\/li>\n\n\n\n<li>2 de abril (feriado): D\u00eda del Veterano y de los Ca\u00eddos en la Guerra de Malvinas<\/li>\n\n\n\n<li>6 de abril (feriado): Jueves Santo<\/li>\n\n\n\n<li>7 de abril (feriado inamovible): Viernes Santo<\/li>\n\n\n\n<li>1 de mayo (feriado inamovible): D\u00eda del Trabajador<\/li>\n\n\n\n<li>25 de mayo (feriado inamovible): D\u00eda de la Revoluci\u00f3n de Mayo<\/li>\n\n\n\n<li>26 de mayo: Feriado con fines tur\u00edsticos<\/li>\n\n\n\n<li>17 de junio (feriado): D\u00eda del Paso a la Inmortalidad del General Don Mart\u00edn Miguel de G\u00fcemes<\/li>\n\n\n\n<li>19 de junio: Feriado con fines tur\u00edsticos<\/li>\n\n\n\n<li>20 de junio (feriado inamovible): D\u00eda del Paso a la Inmortalidad del General Manuel Belgrano<\/li>\n\n\n\n<li>9 de julio (feriado inamovible): D\u00eda de la Independencia<\/li>\n\n\n\n<li>15 al 17 de agosto: A\u00f1o Nuevo Jud\u00edo<\/li>\n\n\n\n<li>21 de agosto (feriado): Paso a la Inmortalidad del General Jos\u00e9 de San Mart\u00edn (se traslada del 17\/8)<\/li>\n\n\n\n<li>13 de octubre: Feriado con fines tur\u00edsticos<\/li>\n\n\n\n<li>16 de octubre (feriado): D\u00eda del Respeto a la Diversidad Cultural (se traslada del 12\/10)<\/li>\n\n\n\n<li>25 de octubre: D\u00eda del Perd\u00f3n<\/li>\n\n\n\n<li>20 de noviembre (feriado): D\u00eda de la Soberan\u00eda Nacional<\/li>\n\n\n\n<li>21 de noviembre: Feriado con fines tur\u00edsticos<\/li>\n\n\n\n<li>8 de diciembre (feriado): Inmaculada Concepci\u00f3n de Mar\u00eda<\/li>\n\n\n\n<li>25 de diciembre (inamovible): Navidad<\/li>\n<\/ul>\n\n\n\n<p>Suma a tu calendario las alertas de feriados argentinos y promociones de Argen\u2192Send para programar tus compras:<br>Para Gmail\/Google Calendar desde\u00a0<strong><a rel=\"noreferrer noopener\" href=\"https:\/\/calendar.google.com\/calendar\/embed?src=argensend%40gmail.com&amp;ctz=America%2FArgentina%2FBuenos_Aires\" target=\"_blank\">ac\u00e1!<\/a><\/strong><br>Para otras aplicaciones de Calendarios desde\u00a0<strong><a rel=\"noreferrer noopener\" href=\"https:\/\/calendar.google.com\/calendar\/ical\/argensend%40gmail.com\/private-96fafddd240a0d266963b02834c3ca74\/basic.ics\" target=\"_blank\">ac\u00e1!<\/a><\/strong><\/p>\n\n\n\n<p><\/p>\n\n\n\n<a href=\"https:\/\/calendar.google.com\/calendar\/embed?height=600&amp;wkst=1&amp;bgcolor=%23ffffff&amp;ctz=America%2FArgentina%2FBuenos_Aires&amp;src=YXJnZW5zZW5kQGdtYWlsLmNvbQ&amp;color=%230088a3\" class=\"wp-block-jetpack-google-calendar\">https:\/\/calendar.google.com\/calendar\/embed?height=600&amp;wkst=1&amp;bgcolor=%23ffffff&amp;ctz=America%2FArgentina%2FBuenos_Aires&amp;src=YXJnZW5zZW5kQGdtYWlsLmNvbQ&amp;color=%230088a3<\/a>\n\n\n\n<p class=\"has-text-align-right has-small-font-size\">*Fuente: Ministerio del Interior de la Rep\u00fablica Argentina, ver <a rel=\"noreferrer noopener\" href=\"https:\/\/www.argentina.gob.ar\/interior\/feriados-nacionales-2022\" target=\"_blank\">aqu\u00ed<\/a>.<\/p>","protected":false},"excerpt":{"rendered":"<p>Calendario oficial de fechas patrias, d\u00edas no laborables, asuetos, y \u00a0feriados inamovibles de Argentina y poder organizar tus compras!<\/p>","protected":false},"author":7,"featured_media":61469,"comment_status":"closed","ping_status":"closed","sticky":false,"template":"","format":"standard","meta":{"_acf_changed":false,"om_disable_all_campaigns":false,"_monsterinsights_skip_tracking":false,"_monsterinsights_sitenote_active":false,"_monsterinsights_sitenote_note":"","_monsterinsights_sitenote_category":0,"footnotes":""},"categories":[149],"tags":[9678,520,709,710],"class_list":["post-61466","post","type-post","status-publish","format-standard","has-post-thumbnail","hentry","category-noticias","tag-9678","tag-argentina","tag-calendario","tag-feriados"],"acf":[],"aioseo_notices":[],"_links":{"self":[{"href":"https:\/\/www.argensend.com\/en\/wp-json\/wp\/v2\/posts\/61466","targetHints":{"allow":["GET"]}}],"collection":[{"href":"https:\/\/www.argensend.com\/en\/wp-json\/wp\/v2\/posts"}],"about":[{"href":"https:\/\/www.argensend.com\/en\/wp-json\/wp\/v2\/types\/post"}],"author":[{"embeddable":true,"href":"https:\/\/www.argensend.com\/en\/wp-json\/wp\/v2\/users\/7"}],"replies":[{"embeddable":true,"href":"https:\/\/www.argensend.com\/en\/wp-json\/wp\/v2\/comments?post=61466"}],"version-history":[{"count":1,"href":"https:\/\/www.argensend.com\/en\/wp-json\/wp\/v2\/posts\/61466\/revisions"}],"predecessor-version":[{"id":61496,"href":"https:\/\/www.argensend.com\/en\/wp-json\/wp\/v2\/posts\/61466\/revisions\/61496"}],"wp:featuredmedia":[{"embeddable":true,"href":"https:\/\/www.argensend.com\/en\/wp-json\/wp\/v2\/media\/61469"}],"wp:attachment":[{"href":"https:\/\/www.argensend.com\/en\/wp-json\/wp\/v2\/media?parent=61466"}],"wp:term":[{"taxonomy":"category","embeddable":true,"href":"https:\/\/www.argensend.com\/en\/wp-json\/wp\/v2\/categories?post=61466"},{"taxonomy":"post_tag","embeddable":true,"href":"https:\/\/www.argensend.com\/en\/wp-json\/wp\/v2\/tags?post=61466"}],"curies":[{"name":"wp","href":"https:\/\/api.w.org\/{rel}","templated":true}]}}